{"id":5657,"date":"2025-09-16T07:34:33","date_gmt":"2025-09-16T05:34:33","guid":{"rendered":"https:\/\/lamaisoncardinale.com\/2025\/09\/16\/cinematheque-edition-2\/"},"modified":"2025-09-16T18:23:47","modified_gmt":"2025-09-16T16:23:47","slug":"cinematheque-edition-2","status":"publish","type":"post","link":"https:\/\/lamaisoncardinale.com\/en\/2025\/09\/16\/cinematheque-edition-2\/","title":{"rendered":"Cin\u00e9math\u00e8que Edition"},"content":{"rendered":"\n<h2 class=\"wp-block-heading\">Emotions in large format<\/h2>\n\n<p>Ch\u00e2teau Fleur Cardinale 2023 reveals itself in a final collector\u2019s edition, stepping into the world of cinema.<\/p>\n\n<h3 class=\"wp-block-heading\">WINE AND CINEMA<\/h3>\n\n<p>Wine and cinema both share the same <strong>relationship to emotions<\/strong>: one reveals them in the glass, the other brings them to life on the big screen.<\/p>\n\n<p><em>Just as a cinematheque<\/em> <em>preserves all the richness of cinema,<\/em> <em>this magnum holds within it<\/em> <strong><em>all the complexity and diversity<\/em><\/strong> <strong><em>of a winemaker&#8217;s year of emotions<\/em><\/strong><em> :<\/em> <em>from vine to cellar, all the way to tasting.<\/em><\/p>\n\n<p>Now dive into the world of this edition with the launch video: <strong>like a movie trailer,<\/strong> it takes you from the vineyards to the studio to discover the box set, magnum, and label from every angle, with the entire La Maison Cardinale team.<\/p>\n\n<figure class=\"wp-block-embed is-type-video is-provider-youtube wp-block-embed-youtube wp-embed-aspect-16-9 wp-has-aspect-ratio\"><div class=\"wp-block-embed__wrapper\">\n<iframe loading=\"lazy\" title=\"\u00c9DITION CIN\u00c9MATH\u00c8QUE - Ch\u00e2teau Fleur Cardinale 2023\" width=\"500\" height=\"281\" src=\"https:\/\/www.youtube.com\/embed\/iH6Eenf7EfE?feature=oembed\" frameborder=\"0\" allow=\"accelerometer; autoplay; clipboard-write; encrypted-media; gyroscope; picture-in-picture; web-share\" referrerpolicy=\"strict-origin-when-cross-origin\" allowfullscreen><\/iframe>\n<\/div><\/figure>\n\n<h3 class=\"wp-block-heading\">THE EDITION IN EVERY DETAILS<\/h3>\n\n<p>It is on the label that the true spirit of this project is revealed: boxing gloves, a dinosaur, a katana\u2026 In all, no fewer than <strong>ten hidden symbols, each linked to an iconic film from a different cinematic genre<\/strong>.<\/p>\n\n<p>Each genre is paired with an emotion that finds its echo in a stage of the winemaking process.<\/p>\n\n<figure class=\"wp-block-image size-large\"><img loading=\"lazy\" decoding=\"async\" width=\"1024\" height=\"819\" src=\"https:\/\/lamaisoncardinale.com\/wp-content\/uploads\/2025\/09\/EDITION-CINEMATHEQUE-PHOTO-ETIQUETTE-5_4-1024x819.png\" alt=\"\" class=\"wp-image-5637\" srcset=\"https:\/\/lamaisoncardinale.com\/wp-content\/uploads\/2025\/09\/EDITION-CINEMATHEQUE-PHOTO-ETIQUETTE-5_4-1024x819.png 1024w, https:\/\/lamaisoncardinale.com\/wp-content\/uploads\/2025\/09\/EDITION-CINEMATHEQUE-PHOTO-ETIQUETTE-5_4-300x240.png 300w, https:\/\/lamaisoncardinale.com\/wp-content\/uploads\/2025\/09\/EDITION-CINEMATHEQUE-PHOTO-ETIQUETTE-5_4-768x614.png 768w, https:\/\/lamaisoncardinale.com\/wp-content\/uploads\/2025\/09\/EDITION-CINEMATHEQUE-PHOTO-ETIQUETTE-5_4.png 1350w\" sizes=\"auto, (max-width: 1024px) 100vw, 1024px\" \/><\/figure>\n\n<p>At the center of the label, the Decoster family\u2019s knight takes on the look of a cinematic figure, dressed in a white tuxedo that evokes both a spy with a famous code number and the glamour of premiere nights. <br\/>In his hand, he holds an award, a symbol of recognition and artistic acclaim in the world of cinema.<\/p>\n\n<p>This collector artistic work is presented in a magnificent black collector wooden case with a slide that pays homage to vintage movie tickets.<\/p>\n\n<figure class=\"wp-block-image size-large\"><img loading=\"lazy\" decoding=\"async\" width=\"1024\" height=\"819\" src=\"https:\/\/lamaisoncardinale.com\/wp-content\/uploads\/2025\/09\/EDITION-CINEMATHEQUE-PHOTO-COFFRET-5_4-1024x819.png\" alt=\"\" class=\"wp-image-5635\" srcset=\"https:\/\/lamaisoncardinale.com\/wp-content\/uploads\/2025\/09\/EDITION-CINEMATHEQUE-PHOTO-COFFRET-5_4-1024x819.png 1024w, https:\/\/lamaisoncardinale.com\/wp-content\/uploads\/2025\/09\/EDITION-CINEMATHEQUE-PHOTO-COFFRET-5_4-300x240.png 300w, https:\/\/lamaisoncardinale.com\/wp-content\/uploads\/2025\/09\/EDITION-CINEMATHEQUE-PHOTO-COFFRET-5_4-768x614.png 768w, https:\/\/lamaisoncardinale.com\/wp-content\/uploads\/2025\/09\/EDITION-CINEMATHEQUE-PHOTO-COFFRET-5_4.png 1350w\" sizes=\"auto, (max-width: 1024px) 100vw, 1024px\" \/><\/figure>\n\n<h3 class=\"wp-block-heading\">COLLECTOR\u2019S EDITION BEHIND THE SCENE<\/h3>\n\n<p><em>How did we choose the films?<\/em><br\/><em>Which ones couldn\u2019t make it in?<\/em><\/p>\n\n<p>Between inspiration, challenges and nostalgia, join us behind the scenes of our ultimate collector\u2019s edition.<\/p>\n\n<figure class=\"wp-block-embed is-type-video is-provider-youtube wp-block-embed-youtube wp-embed-aspect-16-9 wp-has-aspect-ratio\"><div class=\"wp-block-embed__wrapper\">\n<iframe loading=\"lazy\" title=\"\u00c9DITION CIN\u00c9MATH\u00c8QUE - Le Off\" width=\"500\" height=\"281\" src=\"https:\/\/www.youtube.com\/embed\/8GrcVcIS9xI?feature=oembed\" frameborder=\"0\" allow=\"accelerometer; autoplay; clipboard-write; encrypted-media; gyroscope; picture-in-picture; web-share\" referrerpolicy=\"strict-origin-when-cross-origin\" allowfullscreen><\/iframe>\n<\/div><\/figure>\n\n<h3 class=\"wp-block-heading\">THE CIN\u00c9MATH\u00c8QUE EDITION SOUNDTRACK<\/h3>\n\n<p>And because an excellent film cannot be conceived without a memorable soundtrack, we have created a Spotify playlist bringing together all the original soundtracks from our films, as well as those from works we attempted \u2013 unsuccessfully \u2013 to integrate into our design. <\/p>\n\n<figure class=\"wp-block-embed is-type-rich is-provider-spotify wp-block-embed-spotify wp-embed-aspect-21-9 wp-has-aspect-ratio\"><div class=\"wp-block-embed__wrapper\">\n<iframe title=\"Spotify Embed: \u00c9DITION CIN\u00c9MATH\u00c8QUE\" style=\"border-radius: 12px\" width=\"100%\" height=\"352\" frameborder=\"0\" allowfullscreen allow=\"autoplay; clipboard-write; encrypted-media; fullscreen; picture-in-picture\" loading=\"lazy\" src=\"https:\/\/open.spotify.com\/embed\/playlist\/1lu60z12J0SvLPbcW3qydm?utm_source=oembed\"><\/iframe>\n<\/div><\/figure>\n\n<p>We hope it will inspire you to organize a blind test with friends or family!<\/p>\n\n<h2 class=\"wp-block-heading\">WHERE CAN YOU FIND THE EDITION?<\/h2>\n\n<p>The Cin\u00e9math\u00e8que Edition is available from most of our usual retailers in France and around the world, as well as from the La Maison Cardinale shop. Please don&#8217;t hesitate to <a href=\"https:\/\/lamaisoncardinale.com\/en\/contact\/\">contact us<\/a> if you would like more information. <\/p>\n","protected":false},"excerpt":{"rendered":"<p>Emotions in large format Ch\u00e2teau Fleur Cardinale 2023 reveals itself in a final collector\u2019s edition, stepping into the world of [&hellip;]<\/p>\n","protected":false},"author":2,"featured_media":5594,"comment_status":"open","ping_status":"open","sticky":false,"template":"","format":"standard","meta":{"_acf_changed":false,"footnotes":""},"categories":[1],"tags":[],"class_list":["post-5657","post","type-post","status-publish","format-standard","has-post-thumbnail","hentry","category-non-classifiee"],"acf":[],"yoast_head":"<!-- This site is optimized with the Yoast SEO plugin v27.1.1 - https:\/\/yoast.com\/product\/yoast-seo-wordpress\/ -->\n<title>Cin\u00e9math\u00e8que Edition - La Maison Cardinale<\/title>\n<meta name=\"robots\" content=\"index, follow, max-snippet:-1, max-image-preview:large, max-video-preview:-1\" \/>\n<link rel=\"canonical\" href=\"https:\/\/lamaisoncardinale.com\/en\/2025\/09\/16\/cinematheque-edition-2\/\" \/>\n<meta property=\"og:locale\" content=\"en_US\" \/>\n<meta property=\"og:type\" content=\"article\" \/>\n<meta property=\"og:title\" content=\"Cin\u00e9math\u00e8que Edition - La Maison Cardinale\" \/>\n<meta property=\"og:description\" content=\"Emotions in large format Ch\u00e2teau Fleur Cardinale 2023 reveals itself in a final collector\u2019s edition, stepping into the world of [&hellip;]\" \/>\n<meta property=\"og:url\" content=\"https:\/\/lamaisoncardinale.com\/en\/2025\/09\/16\/cinematheque-edition-2\/\" \/>\n<meta property=\"og:site_name\" content=\"La Maison Cardinale\" \/>\n<meta property=\"article:publisher\" content=\"https:\/\/www.facebook.com\/LaMaisonCardinale\/\" \/>\n<meta property=\"article:published_time\" content=\"2025-09-16T05:34:33+00:00\" \/>\n<meta property=\"article:modified_time\" content=\"2025-09-16T16:23:47+00:00\" \/>\n<meta property=\"og:image\" content=\"https:\/\/lamaisoncardinale.com\/wp-content\/uploads\/2025\/09\/Fleur-Cardinale-ED-Cinema-V2-1024x821.jpg\" \/>\n\t<meta property=\"og:image:width\" content=\"1024\" \/>\n\t<meta property=\"og:image:height\" content=\"821\" \/>\n\t<meta property=\"og:image:type\" content=\"image\/jpeg\" \/>\n<meta name=\"author\" content=\"Jeanne Durgel\" \/>\n<meta name=\"twitter:card\" content=\"summary_large_image\" \/>\n<meta name=\"twitter:label1\" content=\"Written by\" \/>\n\t<meta name=\"twitter:data1\" content=\"Jeanne Durgel\" \/>\n\t<meta name=\"twitter:label2\" content=\"Est. reading time\" \/>\n\t<meta name=\"twitter:data2\" content=\"2 minutes\" \/>\n<script type=\"application\/ld+json\" class=\"yoast-schema-graph\">{\"@context\":\"https:\/\/schema.org\",\"@graph\":[{\"@type\":\"Article\",\"@id\":\"https:\/\/lamaisoncardinale.com\/en\/2025\/09\/16\/cinematheque-edition-2\/#article\",\"isPartOf\":{\"@id\":\"https:\/\/lamaisoncardinale.com\/en\/2025\/09\/16\/cinematheque-edition-2\/\"},\"author\":{\"name\":\"Jeanne Durgel\",\"@id\":\"https:\/\/lamaisoncardinale.com\/#\/schema\/person\/45b1bf0fb7f412067c52ae63814975c2\"},\"headline\":\"Cin\u00e9math\u00e8que Edition\",\"datePublished\":\"2025-09-16T05:34:33+00:00\",\"dateModified\":\"2025-09-16T16:23:47+00:00\",\"mainEntityOfPage\":{\"@id\":\"https:\/\/lamaisoncardinale.com\/en\/2025\/09\/16\/cinematheque-edition-2\/\"},\"wordCount\":443,\"commentCount\":0,\"publisher\":{\"@id\":\"https:\/\/lamaisoncardinale.com\/#organization\"},\"image\":{\"@id\":\"https:\/\/lamaisoncardinale.com\/en\/2025\/09\/16\/cinematheque-edition-2\/#primaryimage\"},\"thumbnailUrl\":\"https:\/\/lamaisoncardinale.com\/wp-content\/uploads\/2025\/09\/Fleur-Cardinale-ED-Cinema-V2.jpg\",\"articleSection\":[\"Non classifi\u00e9(e)\"],\"inLanguage\":\"en-US\",\"potentialAction\":[{\"@type\":\"CommentAction\",\"name\":\"Comment\",\"target\":[\"https:\/\/lamaisoncardinale.com\/en\/2025\/09\/16\/cinematheque-edition-2\/#respond\"]}]},{\"@type\":\"WebPage\",\"@id\":\"https:\/\/lamaisoncardinale.com\/en\/2025\/09\/16\/cinematheque-edition-2\/\",\"url\":\"https:\/\/lamaisoncardinale.com\/en\/2025\/09\/16\/cinematheque-edition-2\/\",\"name\":\"Cin\u00e9math\u00e8que Edition - La Maison Cardinale\",\"isPartOf\":{\"@id\":\"https:\/\/lamaisoncardinale.com\/#website\"},\"primaryImageOfPage\":{\"@id\":\"https:\/\/lamaisoncardinale.com\/en\/2025\/09\/16\/cinematheque-edition-2\/#primaryimage\"},\"image\":{\"@id\":\"https:\/\/lamaisoncardinale.com\/en\/2025\/09\/16\/cinematheque-edition-2\/#primaryimage\"},\"thumbnailUrl\":\"https:\/\/lamaisoncardinale.com\/wp-content\/uploads\/2025\/09\/Fleur-Cardinale-ED-Cinema-V2.jpg\",\"datePublished\":\"2025-09-16T05:34:33+00:00\",\"dateModified\":\"2025-09-16T16:23:47+00:00\",\"breadcrumb\":{\"@id\":\"https:\/\/lamaisoncardinale.com\/en\/2025\/09\/16\/cinematheque-edition-2\/#breadcrumb\"},\"inLanguage\":\"en-US\",\"potentialAction\":[{\"@type\":\"ReadAction\",\"target\":[\"https:\/\/lamaisoncardinale.com\/en\/2025\/09\/16\/cinematheque-edition-2\/\"]}]},{\"@type\":\"ImageObject\",\"inLanguage\":\"en-US\",\"@id\":\"https:\/\/lamaisoncardinale.com\/en\/2025\/09\/16\/cinematheque-edition-2\/#primaryimage\",\"url\":\"https:\/\/lamaisoncardinale.com\/wp-content\/uploads\/2025\/09\/Fleur-Cardinale-ED-Cinema-V2.jpg\",\"contentUrl\":\"https:\/\/lamaisoncardinale.com\/wp-content\/uploads\/2025\/09\/Fleur-Cardinale-ED-Cinema-V2.jpg\",\"width\":2945,\"height\":2362},{\"@type\":\"BreadcrumbList\",\"@id\":\"https:\/\/lamaisoncardinale.com\/en\/2025\/09\/16\/cinematheque-edition-2\/#breadcrumb\",\"itemListElement\":[{\"@type\":\"ListItem\",\"position\":1,\"name\":\"Accueil\",\"item\":\"https:\/\/lamaisoncardinale.com\/en\/\"},{\"@type\":\"ListItem\",\"position\":2,\"name\":\"Cin\u00e9math\u00e8que Edition\"}]},{\"@type\":\"WebSite\",\"@id\":\"https:\/\/lamaisoncardinale.com\/#website\",\"url\":\"https:\/\/lamaisoncardinale.com\/\",\"name\":\"La Maison Cardinale\",\"description\":\"\",\"publisher\":{\"@id\":\"https:\/\/lamaisoncardinale.com\/#organization\"},\"potentialAction\":[{\"@type\":\"SearchAction\",\"target\":{\"@type\":\"EntryPoint\",\"urlTemplate\":\"https:\/\/lamaisoncardinale.com\/?s={search_term_string}\"},\"query-input\":{\"@type\":\"PropertyValueSpecification\",\"valueRequired\":true,\"valueName\":\"search_term_string\"}}],\"inLanguage\":\"en-US\"},{\"@type\":\"Organization\",\"@id\":\"https:\/\/lamaisoncardinale.com\/#organization\",\"name\":\"La Maison Cardinale\",\"url\":\"https:\/\/lamaisoncardinale.com\/\",\"logo\":{\"@type\":\"ImageObject\",\"inLanguage\":\"en-US\",\"@id\":\"https:\/\/lamaisoncardinale.com\/#\/schema\/logo\/image\/\",\"url\":\"https:\/\/lamaisoncardinale.com\/wp-content\/uploads\/2024\/10\/logo-la-maison-cardinale-fonce.svg\",\"contentUrl\":\"https:\/\/lamaisoncardinale.com\/wp-content\/uploads\/2024\/10\/logo-la-maison-cardinale-fonce.svg\",\"width\":1,\"height\":1,\"caption\":\"La Maison Cardinale\"},\"image\":{\"@id\":\"https:\/\/lamaisoncardinale.com\/#\/schema\/logo\/image\/\"},\"sameAs\":[\"https:\/\/www.facebook.com\/LaMaisonCardinale\/\",\"https:\/\/www.youtube.com\/@LaMaisonCardinale\",\"https:\/\/www.linkedin.com\/company\/la-maison-cardinale\/\",\"https:\/\/www.instagram.com\/lamaisoncardinale\/\"]},{\"@type\":\"Person\",\"@id\":\"https:\/\/lamaisoncardinale.com\/#\/schema\/person\/45b1bf0fb7f412067c52ae63814975c2\",\"name\":\"Jeanne Durgel\",\"image\":{\"@type\":\"ImageObject\",\"inLanguage\":\"en-US\",\"@id\":\"https:\/\/lamaisoncardinale.com\/#\/schema\/person\/image\/\",\"url\":\"https:\/\/secure.gravatar.com\/avatar\/76a19b9c662fc8fef49f294ad98a1eaa3f55c41c02b96818d1d6176881ee3a9b?s=96&d=https%3A%2F%2Flamaisoncardinale.com%2Fwp-content%2Fthemes%2FLMC%2Fimages%2Fdefault_avatar.png&r=g\",\"contentUrl\":\"https:\/\/secure.gravatar.com\/avatar\/76a19b9c662fc8fef49f294ad98a1eaa3f55c41c02b96818d1d6176881ee3a9b?s=96&d=https%3A%2F%2Flamaisoncardinale.com%2Fwp-content%2Fthemes%2FLMC%2Fimages%2Fdefault_avatar.png&r=g\",\"caption\":\"Jeanne Durgel\"},\"url\":\"https:\/\/lamaisoncardinale.com\/en\/author\/jdurgel\/\"}]}<\/script>\n<!-- \/ Yoast SEO plugin. -->","yoast_head_json":{"title":"Cin\u00e9math\u00e8que Edition - La Maison Cardinale","robots":{"index":"index","follow":"follow","max-snippet":"max-snippet:-1","max-image-preview":"max-image-preview:large","max-video-preview":"max-video-preview:-1"},"canonical":"https:\/\/lamaisoncardinale.com\/en\/2025\/09\/16\/cinematheque-edition-2\/","og_locale":"en_US","og_type":"article","og_title":"Cin\u00e9math\u00e8que Edition - La Maison Cardinale","og_description":"Emotions in large format Ch\u00e2teau Fleur Cardinale 2023 reveals itself in a final collector\u2019s edition, stepping into the world of [&hellip;]","og_url":"https:\/\/lamaisoncardinale.com\/en\/2025\/09\/16\/cinematheque-edition-2\/","og_site_name":"La Maison Cardinale","article_publisher":"https:\/\/www.facebook.com\/LaMaisonCardinale\/","article_published_time":"2025-09-16T05:34:33+00:00","article_modified_time":"2025-09-16T16:23:47+00:00","og_image":[{"width":1024,"height":821,"url":"https:\/\/lamaisoncardinale.com\/wp-content\/uploads\/2025\/09\/Fleur-Cardinale-ED-Cinema-V2-1024x821.jpg","type":"image\/jpeg"}],"author":"Jeanne Durgel","twitter_card":"summary_large_image","twitter_misc":{"Written by":"Jeanne Durgel","Est. reading time":"2 minutes"},"schema":{"@context":"https:\/\/schema.org","@graph":[{"@type":"Article","@id":"https:\/\/lamaisoncardinale.com\/en\/2025\/09\/16\/cinematheque-edition-2\/#article","isPartOf":{"@id":"https:\/\/lamaisoncardinale.com\/en\/2025\/09\/16\/cinematheque-edition-2\/"},"author":{"name":"Jeanne Durgel","@id":"https:\/\/lamaisoncardinale.com\/#\/schema\/person\/45b1bf0fb7f412067c52ae63814975c2"},"headline":"Cin\u00e9math\u00e8que Edition","datePublished":"2025-09-16T05:34:33+00:00","dateModified":"2025-09-16T16:23:47+00:00","mainEntityOfPage":{"@id":"https:\/\/lamaisoncardinale.com\/en\/2025\/09\/16\/cinematheque-edition-2\/"},"wordCount":443,"commentCount":0,"publisher":{"@id":"https:\/\/lamaisoncardinale.com\/#organization"},"image":{"@id":"https:\/\/lamaisoncardinale.com\/en\/2025\/09\/16\/cinematheque-edition-2\/#primaryimage"},"thumbnailUrl":"https:\/\/lamaisoncardinale.com\/wp-content\/uploads\/2025\/09\/Fleur-Cardinale-ED-Cinema-V2.jpg","articleSection":["Non classifi\u00e9(e)"],"inLanguage":"en-US","potentialAction":[{"@type":"CommentAction","name":"Comment","target":["https:\/\/lamaisoncardinale.com\/en\/2025\/09\/16\/cinematheque-edition-2\/#respond"]}]},{"@type":"WebPage","@id":"https:\/\/lamaisoncardinale.com\/en\/2025\/09\/16\/cinematheque-edition-2\/","url":"https:\/\/lamaisoncardinale.com\/en\/2025\/09\/16\/cinematheque-edition-2\/","name":"Cin\u00e9math\u00e8que Edition - La Maison Cardinale","isPartOf":{"@id":"https:\/\/lamaisoncardinale.com\/#website"},"primaryImageOfPage":{"@id":"https:\/\/lamaisoncardinale.com\/en\/2025\/09\/16\/cinematheque-edition-2\/#primaryimage"},"image":{"@id":"https:\/\/lamaisoncardinale.com\/en\/2025\/09\/16\/cinematheque-edition-2\/#primaryimage"},"thumbnailUrl":"https:\/\/lamaisoncardinale.com\/wp-content\/uploads\/2025\/09\/Fleur-Cardinale-ED-Cinema-V2.jpg","datePublished":"2025-09-16T05:34:33+00:00","dateModified":"2025-09-16T16:23:47+00:00","breadcrumb":{"@id":"https:\/\/lamaisoncardinale.com\/en\/2025\/09\/16\/cinematheque-edition-2\/#breadcrumb"},"inLanguage":"en-US","potentialAction":[{"@type":"ReadAction","target":["https:\/\/lamaisoncardinale.com\/en\/2025\/09\/16\/cinematheque-edition-2\/"]}]},{"@type":"ImageObject","inLanguage":"en-US","@id":"https:\/\/lamaisoncardinale.com\/en\/2025\/09\/16\/cinematheque-edition-2\/#primaryimage","url":"https:\/\/lamaisoncardinale.com\/wp-content\/uploads\/2025\/09\/Fleur-Cardinale-ED-Cinema-V2.jpg","contentUrl":"https:\/\/lamaisoncardinale.com\/wp-content\/uploads\/2025\/09\/Fleur-Cardinale-ED-Cinema-V2.jpg","width":2945,"height":2362},{"@type":"BreadcrumbList","@id":"https:\/\/lamaisoncardinale.com\/en\/2025\/09\/16\/cinematheque-edition-2\/#breadcrumb","itemListElement":[{"@type":"ListItem","position":1,"name":"Accueil","item":"https:\/\/lamaisoncardinale.com\/en\/"},{"@type":"ListItem","position":2,"name":"Cin\u00e9math\u00e8que Edition"}]},{"@type":"WebSite","@id":"https:\/\/lamaisoncardinale.com\/#website","url":"https:\/\/lamaisoncardinale.com\/","name":"La Maison Cardinale","description":"","publisher":{"@id":"https:\/\/lamaisoncardinale.com\/#organization"},"potentialAction":[{"@type":"SearchAction","target":{"@type":"EntryPoint","urlTemplate":"https:\/\/lamaisoncardinale.com\/?s={search_term_string}"},"query-input":{"@type":"PropertyValueSpecification","valueRequired":true,"valueName":"search_term_string"}}],"inLanguage":"en-US"},{"@type":"Organization","@id":"https:\/\/lamaisoncardinale.com\/#organization","name":"La Maison Cardinale","url":"https:\/\/lamaisoncardinale.com\/","logo":{"@type":"ImageObject","inLanguage":"en-US","@id":"https:\/\/lamaisoncardinale.com\/#\/schema\/logo\/image\/","url":"https:\/\/lamaisoncardinale.com\/wp-content\/uploads\/2024\/10\/logo-la-maison-cardinale-fonce.svg","contentUrl":"https:\/\/lamaisoncardinale.com\/wp-content\/uploads\/2024\/10\/logo-la-maison-cardinale-fonce.svg","width":1,"height":1,"caption":"La Maison Cardinale"},"image":{"@id":"https:\/\/lamaisoncardinale.com\/#\/schema\/logo\/image\/"},"sameAs":["https:\/\/www.facebook.com\/LaMaisonCardinale\/","https:\/\/www.youtube.com\/@LaMaisonCardinale","https:\/\/www.linkedin.com\/company\/la-maison-cardinale\/","https:\/\/www.instagram.com\/lamaisoncardinale\/"]},{"@type":"Person","@id":"https:\/\/lamaisoncardinale.com\/#\/schema\/person\/45b1bf0fb7f412067c52ae63814975c2","name":"Jeanne Durgel","image":{"@type":"ImageObject","inLanguage":"en-US","@id":"https:\/\/lamaisoncardinale.com\/#\/schema\/person\/image\/","url":"https:\/\/secure.gravatar.com\/avatar\/76a19b9c662fc8fef49f294ad98a1eaa3f55c41c02b96818d1d6176881ee3a9b?s=96&d=https%3A%2F%2Flamaisoncardinale.com%2Fwp-content%2Fthemes%2FLMC%2Fimages%2Fdefault_avatar.png&r=g","contentUrl":"https:\/\/secure.gravatar.com\/avatar\/76a19b9c662fc8fef49f294ad98a1eaa3f55c41c02b96818d1d6176881ee3a9b?s=96&d=https%3A%2F%2Flamaisoncardinale.com%2Fwp-content%2Fthemes%2FLMC%2Fimages%2Fdefault_avatar.png&r=g","caption":"Jeanne Durgel"},"url":"https:\/\/lamaisoncardinale.com\/en\/author\/jdurgel\/"}]}},"_links":{"self":[{"href":"https:\/\/lamaisoncardinale.com\/en\/wp-json\/wp\/v2\/posts\/5657","targetHints":{"allow":["GET"]}}],"collection":[{"href":"https:\/\/lamaisoncardinale.com\/en\/wp-json\/wp\/v2\/posts"}],"about":[{"href":"https:\/\/lamaisoncardinale.com\/en\/wp-json\/wp\/v2\/types\/post"}],"author":[{"embeddable":true,"href":"https:\/\/lamaisoncardinale.com\/en\/wp-json\/wp\/v2\/users\/2"}],"replies":[{"embeddable":true,"href":"https:\/\/lamaisoncardinale.com\/en\/wp-json\/wp\/v2\/comments?post=5657"}],"version-history":[{"count":4,"href":"https:\/\/lamaisoncardinale.com\/en\/wp-json\/wp\/v2\/posts\/5657\/revisions"}],"predecessor-version":[{"id":5761,"href":"https:\/\/lamaisoncardinale.com\/en\/wp-json\/wp\/v2\/posts\/5657\/revisions\/5761"}],"wp:featuredmedia":[{"embeddable":true,"href":"https:\/\/lamaisoncardinale.com\/en\/wp-json\/wp\/v2\/media\/5594"}],"wp:attachment":[{"href":"https:\/\/lamaisoncardinale.com\/en\/wp-json\/wp\/v2\/media?parent=5657"}],"wp:term":[{"taxonomy":"category","embeddable":true,"href":"https:\/\/lamaisoncardinale.com\/en\/wp-json\/wp\/v2\/categories?post=5657"},{"taxonomy":"post_tag","embeddable":true,"href":"https:\/\/lamaisoncardinale.com\/en\/wp-json\/wp\/v2\/tags?post=5657"}],"curies":[{"name":"wp","href":"https:\/\/api.w.org\/{rel}","templated":true}]}}